{"id":8139,"date":"2021-07-25T18:53:43","date_gmt":"2021-07-25T16:53:43","guid":{"rendered":"http:\/\/www.vitrubio03.es\/?p=8139"},"modified":"2021-07-25T18:58:50","modified_gmt":"2021-07-25T16:58:50","slug":"para-el-recuerdo-este-siempre-presente","status":"publish","type":"post","link":"https:\/\/www.vitrubio03.es\/?p=8139","title":{"rendered":"Para que el recuerdo est\u00e9 siempre presente"},"content":{"rendered":"<p>Canciones y poemas para recordar a todos aquellos que cayeron gritando LIBERTAD en <a href=\"https:\/\/www.vitrubio03.es\/?attachment_id=8140\" rel=\"attachment wp-att-8140\"><img loading=\"lazy\" decoding=\"async\" class=\"alignleft size-medium wp-image-8140\" src=\"https:\/\/www.vitrubio03.es\/wp-content\/uploads\/2021\/07\/La-vida-de-lucha-300x136.jpg\" alt=\"\" width=\"300\" height=\"136\" srcset=\"https:\/\/www.vitrubio03.es\/wp-content\/uploads\/2021\/07\/La-vida-de-lucha-300x136.jpg 300w, https:\/\/www.vitrubio03.es\/wp-content\/uploads\/2021\/07\/La-vida-de-lucha.jpg 526w\" sizes=\"auto, (max-width: 300px) 100vw, 300px\" \/><\/a>cualquier lugar del mundo, Y en especial a los que lucharon durante la Dictadura franquista desde 1936 hasta hoy, donde los nost\u00e1lgicos fascistas a\u00fan imperan en Espa\u00f1a, ellos son los arrastrados del cartel. Verdaderos caracoles.<\/p>\n<p><strong>\u00a0ARRASTRADOS, BABOSOS Y CORNUDOS<\/strong><\/p>\n<p>Ver y o\u00edr en https:\/\/cantautoresblog.com\/<\/p>\n<div class='shareinpost'><ul class=\"socialwrap row\"><li class=\"iconOnly\"><a  rel='nofollow'  target='_blank'  title='Recommend this post : Para que el recuerdo est\u00e9 siempre presente on Facebook'  href='http:\/\/www.facebook.com\/sharer.php?u=https%3A%2F%2Fwww.vitrubio03.es%2F%3Fp%3D8139&amp;t=Para+que+el+recuerdo+est%C3%A9+siempre+presente'  ><img  src='https:\/\/www.vitrubio03.es\/wp-content\/plugins\/share-and-follow\/images\/blank.gif'  height='32' width='32'  class='image-32' alt='facebook'  style='background: transparent url(https:\/\/www.vitrubio03.es\/wp-content\/plugins\/share-and-follow\/default\/32\/sprite-32.png) no-repeat;padding:0;margin:0;height:32px;width:32px;background-position:-363px 0px'   \/> <span class=\"head\">Recommend on Facebook<\/span><\/a><\/li><li class=\"iconOnly\"><a  rel='nofollow'  target='_blank'  title='Tweet this post : Para que el recuerdo est\u00e9 siempre presente on Twitter'  href=\"http:\/\/twitter.com\/share?url=https%3A%2F%2Fwww.vitrubio03.es%2F%3Fp%3D8139&amp;text=Para+que+el+recuerdo+est%C3%A9+siempre+presente+-+\"  ><img  src='https:\/\/www.vitrubio03.es\/wp-content\/plugins\/share-and-follow\/images\/blank.gif'  height='32' width='32'  class='image-32' alt='twitter'  style='background: transparent url(https:\/\/www.vitrubio03.es\/wp-content\/plugins\/share-and-follow\/default\/32\/sprite-32.png) no-repeat;padding:0;margin:0;height:32px;width:32px;background-position:-1749px 0px'   \/> <span class=\"head\">Tweet about it<\/span><\/a><\/li><li class=\"iconOnly\"><a  rel='nofollow'  target='_self'  title='Print this post : Para que el recuerdo est\u00e9 siempre presente for reading later'  href='javascript:window.print();'  ><img  src='https:\/\/www.vitrubio03.es\/wp-content\/plugins\/share-and-follow\/images\/blank.gif'  height='32' width='32'  class='image-32' alt='print'  style='background: transparent url(https:\/\/www.vitrubio03.es\/wp-content\/plugins\/share-and-follow\/default\/32\/sprite-32.png) no-repeat;padding:0;margin:0;height:32px;width:32px;background-position:-1386px 0px'   \/> <span class=\"head\">Print for later<\/span><\/a><\/li><li class=\"iconOnly\"><a rel=\"_self\" href=\"mailto:?subject=Reflexiones%20propias%20:%20Para%20que%20el%20recuerdo%20est\u00e9%20siempre%20presente&amp;body=Te%20adjunto%20un%20enlace%20a%20un%20art\u00edculo.%20Espero%20que%20te%20guste%20%20https:\/\/www.vitrubio03.es\/?p=8139\" title=\"Tell a friend about this post : Para que el recuerdo est\u00e9 siempre presente \"><img loading=\"lazy\" decoding=\"async\" src=\"https:\/\/www.vitrubio03.es\/wp-content\/plugins\/share-and-follow\/images\/blank.gif\" height=\"32\"  width=\"32\" style=\"background: transparent url(https:\/\/www.vitrubio03.es\/wp-content\/plugins\/share-and-follow\/default\/32\/sprite-32.png) no-repeat;padding:0;margin:0;height:32px;width:32px;background-position:-330px 0px\" class=\"image-32\"  alt=\"email\" \/> <span class=\"head\">Tell a friend<\/span><\/a><\/li><\/ul><div class=\"clean\"><\/div> <\/div>","protected":false},"excerpt":{"rendered":"<p>Canciones y poemas para recordar a todos aquellos que cayeron gritando LIBERTAD en cualquier lugar del mundo, Y en especial a los que lucharon durante la Dictadura franquista desde 1936 hasta hoy, donde los nost\u00e1lgicos fascistas a\u00fan imperan en Espa\u00f1a, &hellip; <a href=\"https:\/\/www.vitrubio03.es\/?p=8139\">Sigue leyendo <span class=\"meta-nav\">&rarr;<\/span><\/a><\/p>\n","protected":false},"author":2,"featured_media":0,"comment_status":"closed","ping_status":"closed","sticky":false,"template":"","format":"standard","meta":{"footnotes":""},"categories":[64,10],"tags":[],"class_list":["post-8139","post","type-post","status-publish","format-standard","hentry","category-libertad","category-nacional"],"_links":{"self":[{"href":"https:\/\/www.vitrubio03.es\/index.php?rest_route=\/wp\/v2\/posts\/8139","targetHints":{"allow":["GET"]}}],"collection":[{"href":"https:\/\/www.vitrubio03.es\/index.php?rest_route=\/wp\/v2\/posts"}],"about":[{"href":"https:\/\/www.vitrubio03.es\/index.php?rest_route=\/wp\/v2\/types\/post"}],"author":[{"embeddable":true,"href":"https:\/\/www.vitrubio03.es\/index.php?rest_route=\/wp\/v2\/users\/2"}],"replies":[{"embeddable":true,"href":"https:\/\/www.vitrubio03.es\/index.php?rest_route=%2Fwp%2Fv2%2Fcomments&post=8139"}],"version-history":[{"count":2,"href":"https:\/\/www.vitrubio03.es\/index.php?rest_route=\/wp\/v2\/posts\/8139\/revisions"}],"predecessor-version":[{"id":8142,"href":"https:\/\/www.vitrubio03.es\/index.php?rest_route=\/wp\/v2\/posts\/8139\/revisions\/8142"}],"wp:attachment":[{"href":"https:\/\/www.vitrubio03.es\/index.php?rest_route=%2Fwp%2Fv2%2Fmedia&parent=8139"}],"wp:term":[{"taxonomy":"category","embeddable":true,"href":"https:\/\/www.vitrubio03.es\/index.php?rest_route=%2Fwp%2Fv2%2Fcategories&post=8139"},{"taxonomy":"post_tag","embeddable":true,"href":"https:\/\/www.vitrubio03.es\/index.php?rest_route=%2Fwp%2Fv2%2Ftags&post=8139"}],"curies":[{"name":"wp","href":"https:\/\/api.w.org\/{rel}","templated":true}]}}