{"id":8421,"date":"2022-03-19T10:09:33","date_gmt":"2022-03-19T09:09:33","guid":{"rendered":"http:\/\/www.vitrubio03.es\/?p=8421"},"modified":"2022-03-19T11:23:51","modified_gmt":"2022-03-19T10:23:51","slug":"discurso-de-putin","status":"publish","type":"post","link":"https:\/\/www.vitrubio03.es\/?p=8421","title":{"rendered":"Discurso de Putin"},"content":{"rendered":"<p><strong>El discurso \u00edntegro en el que Putin anuncia el inicio de una \u00aboperaci\u00f3n militar especial\u00bb en Ucrania. <a href=\"https:\/\/www.vitrubio03.es\/?attachment_id=8425\" rel=\"attachment wp-att-8425\"><img loading=\"lazy\" decoding=\"async\" class=\"wp-image-8425 aligncenter\" src=\"https:\/\/www.vitrubio03.es\/wp-content\/uploads\/2022\/03\/Energico-1-300x214.jpeg\" alt=\"\" width=\"470\" height=\"335\" srcset=\"https:\/\/www.vitrubio03.es\/wp-content\/uploads\/2022\/03\/Energico-1-300x214.jpeg 300w, https:\/\/www.vitrubio03.es\/wp-content\/uploads\/2022\/03\/Energico-1.jpeg 449w\" sizes=\"auto, (max-width: 470px) 100vw, 470px\" \/><\/a><\/strong><!--more--><\/p>\n<ul>\n<li style=\"text-align: justify;\">El presidente de Rusia ha justificado en un discurso televisado de madrugada el ataque a Ucrania para \u00abdesmilitarizar y desnazificar\u00bb el pa\u00eds y ha pedido a los militares ucranianos \u00abdeponer inmediatamente las armas y regresar a sus casas\u00bb.<\/li>\n<li style=\"text-align: justify;\">El presidente de Rusia ha anunciado en un discurso televisado de madrugada el inicio de una \u00aboperaci\u00f3n militar especial\u00bb en Ucrania. Esta ha sido su intervenci\u00f3n \u00edntegra:<em> Para Estados Unidos y sus aliados, esta es la llamada pol\u00edtica de contenci\u00f3n de Rusia, de evidentes dividendos geopol\u00edticos.<\/em><em>Y <\/em><em>para nuestro pa\u00eds esto es en \u00faltima instancia una cuesti\u00f3n de vida o muerte, una cuesti\u00f3n de nuestro futuro hist\u00f3rico como pueblo. Y esto no es una exageraci\u00f3n, es cierto. Esta es una amenaza real no solo para nuestros intereses, sino tambi\u00e9n para la existencia misma de nuestro Estado, para su soberan\u00eda. Esta es la l\u00ednea roja de la que se ha hablado muchas veces. La han cruzado.<\/em><\/li>\n<li style=\"text-align: justify;\"><em>En este sentido, sobre la situaci\u00f3n en el Donb\u00e1s, vemos que las fuerzas que perpetraron un golpe de Estado en Ucrania en 2014 tomaron el poder y lo mantienen con la ayuda de procedimientos electorales decorativos, renunciaron finalmente a la soluci\u00f3n pac\u00edfica del conflicto. Durante ocho a\u00f1os, interminablemente largos ocho a\u00f1os, hemos hecho todo lo posible para resolver la situaci\u00f3n por medios pac\u00edficos y pol\u00edticos. Todo ha sido en vano.<\/em><\/li>\n<li style=\"text-align: justify;\"><em>Como dije en mi mensaje anterior, no se puede mirar lo que est\u00e1 pasando all\u00ed sin compasi\u00f3n. Era simplemente imposible soportar todo esto. Era necesario detener de inmediato esta pesadilla: el genocidio contra los millones de personas que viven all\u00ed, que solo conf\u00edan en Rusia, que cifran sus esperanzas solo en nosotros. Estas aspiraciones, sentimientos, el dolor de la gente fueron para nosotros el principal motivo principal para tomar la decisi\u00f3n de reconocer las rep\u00fablicas populares del Donb\u00e1s.<\/em><\/li>\n<li style=\"text-align: justify;\"><em>Creo que es importante enfatizar m\u00e1s. Los principales pa\u00edses de la OTAN, para lograr sus propios objetivos, apoyan en todo a los nacionalistas extremistas y neonazis en Ucrania, quienes, a su vez, nunca perdonar\u00e1n a los residentes de Crimea y Sebastopol por su libre elecci\u00f3n: la reunificaci\u00f3n con Rusia.<\/em><\/li>\n<li style=\"text-align: justify;\"><em>Ellos, por supuesto, ir\u00e1n contra Crimea, al igual que en el Donb\u00e1s, con una guerra, para matar, como las bandas de nacionalistas ucranianos, c\u00f3mplices de Hitler, mataron a personas indefensas durante la Gran Guerra Patria. Declaran abiertamente que reclaman una serie de otros territorios rusos.<\/em><\/li>\n<li style=\"text-align: justify;\"><em>Todo el curso de los acontecimientos y el an\u00e1lisis de la informaci\u00f3n muestran que el choque de Rusia con estas fuerzas es inevitable. Es solo cuesti\u00f3n de tiempo: se est\u00e1n preparando, est\u00e1n esperando el momento adecuado. Ahora tambi\u00e9n aspiran a poseer armas nucleares. No lo permitiremos.<\/em><\/li>\n<li style=\"text-align: justify;\"><em>Como dije antes, despu\u00e9s del colapso de la URSS, Rusia acept\u00f3 las nuevas realidades geopol\u00edticas. Respetamos y seguiremos tratando con respeto a todos los pa\u00edses surgidos en el espacio postsovi\u00e9tico. Respetamos y seguiremos respetando su soberan\u00eda, y un ejemplo de ello es la asistencia que brindamos a Kazajist\u00e1n, que enfrent\u00f3 eventos tr\u00e1gicos que desafiaban a su condici\u00f3n de Estado e integridad. Pero Rusia no puede sentirse segura, desarrollarse, existir con una amenaza constante que emana dee territorio de la Ucrania moderna.<\/em><\/li>\n<li style=\"text-align: justify;\"><em>Perm\u00edtanme recordarles que en 2000-2005 rechazamos militarmente a los terroristas en el C\u00e1ucaso, defendimos la integridad de nuestro Estado, salvamos a Rusia. En 2014, apoyaron a los residentes de Crimea y Sebastopol. En 2015, las Fuerzas Armadas pusieron una barrera fiable a la penetraci\u00f3n de terroristas de Siria en Rusia. No ten\u00edamos otra forma de protegernos.<\/em><\/li>\n<li style=\"text-align: justify;\"><em>Lo mismo est\u00e1 sucediendo ahora. No nos han dejado ninguna otra oportunidad para proteger a Rusia, a nuestra gente, excepto la que nos veremos obligados a usar hoy. Las circunstancias nos obligan a tomar medidas decisivas e inmediatas. Las rep\u00fablicas populares del Donb\u00e1s dirigieron a Rusia una solicitud de ayuda.<\/em><\/li>\n<li style=\"text-align: justify;\"><em>En relaci\u00f3n con ello, de conformidad con el Art\u00edculo 51 de la Parte 7 de la Carta de la ONU, con la sanci\u00f3n del Consejo de la Federaci\u00f3n de Rusia y en cumplimiento de los tratados de amistad y asistencia mutua ratificados por la Asamblea Federal el 22 de febrero de este a\u00f1o con la Rep\u00fablica Popular de Donetsk y la Rep\u00fablica Popular de Lugansk, he decidido llevar a cabo una operaci\u00f3n militar especial.<\/em><\/li>\n<li style=\"text-align: justify;\"><em>Su objetivo es proteger a las personas que han sido objeto de intimidaci\u00f3n y genocidio por parte del r\u00e9gimen de Kiev durante ocho a\u00f1os. Y para ello lucharemos por la desmilitarizaci\u00f3n y desnazificaci\u00f3n de Ucrania, as\u00ed como por llevar ante la justicia a quienes cometieron numerosos y sangrientos cr\u00edmenes contra civiles, incluidos ciudadanos de la Federaci\u00f3n Rusa.<\/em><\/li>\n<li style=\"text-align: justify;\"><em>Nuestros planes no incluyen la ocupaci\u00f3n de territorios ucranianos. No vamos a imponer nada a nadie por la fuerza. Al mismo tiempo, o\u00edmos que recientemente en Occidente se pronuncian cada vez m\u00e1s palabras acerca de que los documentos firmados por el r\u00e9gimen totalitario sovi\u00e9ticos que consolidan los resultados de la Segunda Guerra Mundial ya no deber\u00edan cumplirse. Bueno, \u00bfcu\u00e1l es la respuesta a esto?<\/em><\/li>\n<li style=\"text-align: justify;\"><em>Los resultados de la Segunda Guerra Mundial, as\u00ed como los sacrificios realizados por nuestro pueblo en aras de la victoria sobre el nazismo, son sagrados. Pero esto no se contradice con los elevados valores de los derechos humanos y las libertades, basados \u200b\u200ben las realidades que se crearon hoy durante las d\u00e9cadas de la posguerra. Tampoco anula el derecho de las naciones a la autodeterminaci\u00f3n, consagrado en el Art\u00edculo 1 de la Carta de la ONU.<\/em><\/li>\n<li style=\"text-align: justify;\"><em>Perm\u00edtanme recordarles que ni durante la creaci\u00f3n de la URSS, ni despu\u00e9s de la Segunda Guerra Mundial, a las personas que viven en ciertos territorios que forman parte de la Ucrania moderna, nadie pregunt\u00f3 c\u00f3mo quieren organizar sus vidas. Nuestra pol\u00edtica se basa en la libertad, la libertad de elecci\u00f3n de todos para determinar de forma independiente su propio futuro y el futuro de sus hijos. Y consideramos importante que este derecho, el derecho a elegir, pueda ser utilizado por todos los pueblos que viven en el territorio de la actual Ucrania, por cualquiera que lo desee.<\/em><\/li>\n<li style=\"text-align: justify;\"><em>En este sentido, hago un llamamiento a los ciudadanos de Ucrania. En 2014, Rusia se vio obligada a proteger a los habitantes de Crimea y Sebastopol de aquellos a quienes usted mismo llama \u00abnazis\u00bb. Los residentes de Crimea y Sebastopol eligieron estar con su patria hist\u00f3rica, con Rusia, y lo apoyamos. Repito, simplemente no pod\u00edamos hacer otra cosa.<\/em><\/li>\n<li style=\"text-align: justify;\"><em>Los acontecimientos de hoy no est\u00e1n relacionados con el deseo de da\u00f1ar los intereses de Ucrania y del pueblo ucraniano. Tienen que ver con la protecci\u00f3n de la propia Rusia de aquellos que tomaron a Ucrania como reh\u00e9n y tratan de usarla contra nuestro pa\u00eds y su gente.<\/em><\/li>\n<li style=\"text-align: justify;\"><em>Reitero, nuestras acciones son en defensa propia contra las amenazas que se nos est\u00e1n creando y en prevenci\u00f3n de un desastre a\u00fan mayor que el que est\u00e1 ocurriendo hoy. Por dif\u00edcil que sea, les pido que comprendan esto y llamo a la cooperaci\u00f3n para pasar cuanto antes esta tr\u00e1gica p\u00e1gina y avanzar juntos, para no permitir que nadie se inmiscuya en nuestros asuntos, en nuestras relaciones, para construirlas por nuestra cuenta, de modo que cree las condiciones necesarias para superar todos los problemas y, pese a la existencia de fronteras estatales, nos fortalezca desde adentro como un todo. Yo creo en esto, en que este es nuestro futuro.<\/em><\/li>\n<li style=\"text-align: justify;\"><em>Tambi\u00e9n debo hacer un llamamiento a los miembros de las fuerzas armadas de Ucrania.<\/em><\/li>\n<li style=\"text-align: justify;\"><em>\u00a1Queridos camaradas! Sus padres, abuelos, bisabuelos no lucharon contra los nazis ni defendieron nuestra patria com\u00fan para que los neonazis de hoy tomaran el poder en Ucrania. Hab\u00e9is jurado de lealtad al pueblo ucraniano, y no a la junta antipopular que est\u00e1 saqueando a Ucrania y, con ello, burl\u00e1ndose de su pueblo.<\/em><\/li>\n<li style=\"text-align: justify;\"><em>No obedezc\u00e1is sus \u00f3rdenes criminales. Os insto a deponer de inmediato las armas inmediatamente e irse a casa. Me explico: todos los militares de ej\u00e9rcito ucraniano que cumplan con esta exigencia podr\u00e1n abandonar libremente la zona de combate y regresar con sus familias.<\/em><\/li>\n<li style=\"text-align: justify;\"><em>Una vez m\u00e1s, enfatizo con insistencia: toda la responsabilidad por un posible derramamiento de sangre recaer\u00e1 enteramente en la conciencia del r\u00e9gimen que gobierna en el territorio de Ucrania.<\/em><\/li>\n<li style=\"text-align: justify;\"><em>Ahora algunas palabras importantes, muy importantes para aquellos que puedan verse tentados a intervenir en los acontecimientos en curso. Quien intente ponernos obst\u00e1culo, y m\u00e1s a\u00fan crear amenazas para nuestro pa\u00eds, para nuestro pueblo, debe saber que la respuesta de Rusia ser\u00e1 inmediata y acarrear\u00e1 consecuencias que nunca han experimentado en su historia. Estamos listos para cualquier desarrollo de los acontecimientos. Se han adoptado todas las decisiones necesarias al respecto. Espero que me escuchen.<\/em><\/li>\n<li style=\"text-align: justify;\"><em><strong>Queridos ciudadanos de Rusia,<\/strong><\/em><\/li>\n<li style=\"text-align: justify;\"><em>El bienestar, la existencia misma de Estados y pueblos enteros, su \u00e9xito y viabilidad siempre tienen su origen en el poderoso sistema de ra\u00edces de su cultura y valores, experiencia y tradiciones de sus antepasados \u200b\u200by, por supuesto, dependen directamente de la capacidad de adaptarse r\u00e1pidamente a una vida en constante cambio, en la cohesi\u00f3n de la sociedad, en su disposici\u00f3n a consolidarse, a reunir todas las fuerzas para avanzar.<\/em><\/li>\n<li style=\"text-align: justify;\"><em>Siempre se necesitan fuerzas, siempre, pero la fuerza puede ser de diferente calidad. En el coraz\u00f3n de la pol\u00edtica del \u00abimperio de la mentira\u00bb, del que habl\u00e9 al comienzo de mi mensaje, se encuentra principalmente la fuerza bruta y directa. En tales casos, decimos: \u00abSi hay fuerza para qu\u00e9 usar la inteligencia\u00bb.<\/em><\/li>\n<li style=\"text-align: justify;\"><em>Pero nosotros sabemos que la verdadera fuerza est\u00e1 en la justicia y la verdad, que est\u00e1 de nuestro lado. Y si esto es as\u00ed, entonces es dif\u00edcil no estar de acuerdo con el hecho de que la fuerza y \u200b\u200b\u200b\u200bla disposici\u00f3n para luchar son la base de la independencia y la soberan\u00eda, son la base necesaria sobre la cual uno puede edificar de manera confiable su futuro, construir su hogar, su familia, su patria.<\/em><\/li>\n<li style=\"text-align: justify;\"><em><strong>\u00a1Queridos compatriotas!<\/strong><\/em><\/li>\n<li style=\"text-align: justify;\"><em>Estoy seguro de que los soldados y oficiales de las Fuerzas Armadas rusa, leales a su pa\u00eds, cumplir\u00e1n su deber con profesionalidad y valent\u00eda. No tengo ninguna duda de que todos los niveles de gobierno, los especialistas responsables de la estabilidad de nuestra econom\u00eda, el sistema financiero, la esfera social, los jefes de nuestras empresas y todos los negocios rusos actuar\u00e1n de manera coordinada y eficiente. Cuento con una posici\u00f3n patri\u00f3tica consolidada de todos los partidos parlamentarios y fuerzas sociales.<\/em><\/li>\n<li style=\"text-align: justify;\"><em>En \u00faltima instancia, como siempre ha sido en la historia, el destino de Rusia est\u00e1 en las manos confiables de nuestro pueblo multinacional. Y esto significa que las decisiones tomadas se implementar\u00e1n, que los objetivos establecidos se lograr\u00e1n y que, la seguridad de nuestra Patria esta fiablemente garantizada.<\/em><\/li>\n<li style=\"text-align: justify;\"><em><strong>Creo en vuestro apoyo, en esa fuerza invencible que nos da nuestro amor a la Patria.<\/strong><\/em><\/li>\n<\/ul>\n<p>&nbsp;<\/p>\n<p>&nbsp;<\/p>\n<p>&nbsp;<\/p>\n<div class='shareinpost'><ul class=\"socialwrap row\"><li class=\"iconOnly\"><a  rel='nofollow'  target='_blank'  title='Recommend this post : Discurso de Putin on Facebook'  href='http:\/\/www.facebook.com\/sharer.php?u=https%3A%2F%2Fwww.vitrubio03.es%2F%3Fp%3D8421&amp;t=Discurso+de+Putin'  ><img  src='https:\/\/www.vitrubio03.es\/wp-content\/plugins\/share-and-follow\/images\/blank.gif'  height='32' width='32'  class='image-32' alt='facebook'  style='background: transparent url(https:\/\/www.vitrubio03.es\/wp-content\/plugins\/share-and-follow\/default\/32\/sprite-32.png) no-repeat;padding:0;margin:0;height:32px;width:32px;background-position:-363px 0px'   \/> <span class=\"head\">Recommend on Facebook<\/span><\/a><\/li><li class=\"iconOnly\"><a  rel='nofollow'  target='_blank'  title='Tweet this post : Discurso de Putin on Twitter'  href=\"http:\/\/twitter.com\/share?url=https%3A%2F%2Fwww.vitrubio03.es%2F%3Fp%3D8421&amp;text=Discurso+de+Putin+-+\"  ><img  src='https:\/\/www.vitrubio03.es\/wp-content\/plugins\/share-and-follow\/images\/blank.gif'  height='32' width='32'  class='image-32' alt='twitter'  style='background: transparent url(https:\/\/www.vitrubio03.es\/wp-content\/plugins\/share-and-follow\/default\/32\/sprite-32.png) no-repeat;padding:0;margin:0;height:32px;width:32px;background-position:-1749px 0px'   \/> <span class=\"head\">Tweet about it<\/span><\/a><\/li><li class=\"iconOnly\"><a  rel='nofollow'  target='_self'  title='Print this post : Discurso de Putin for reading later'  href='javascript:window.print();'  ><img  src='https:\/\/www.vitrubio03.es\/wp-content\/plugins\/share-and-follow\/images\/blank.gif'  height='32' width='32'  class='image-32' alt='print'  style='background: transparent url(https:\/\/www.vitrubio03.es\/wp-content\/plugins\/share-and-follow\/default\/32\/sprite-32.png) no-repeat;padding:0;margin:0;height:32px;width:32px;background-position:-1386px 0px'   \/> <span class=\"head\">Print for later<\/span><\/a><\/li><li class=\"iconOnly\"><a rel=\"_self\" href=\"mailto:?subject=Reflexiones%20propias%20:%20Discurso%20de%20Putin&amp;body=Te%20adjunto%20un%20enlace%20a%20un%20art\u00edculo.%20Espero%20que%20te%20guste%20%20https:\/\/www.vitrubio03.es\/?p=8421\" title=\"Tell a friend about this post : Discurso de Putin \"><img loading=\"lazy\" decoding=\"async\" src=\"https:\/\/www.vitrubio03.es\/wp-content\/plugins\/share-and-follow\/images\/blank.gif\" height=\"32\"  width=\"32\" style=\"background: transparent url(https:\/\/www.vitrubio03.es\/wp-content\/plugins\/share-and-follow\/default\/32\/sprite-32.png) no-repeat;padding:0;margin:0;height:32px;width:32px;background-position:-330px 0px\" class=\"image-32\"  alt=\"email\" \/> <span class=\"head\">Tell a friend<\/span><\/a><\/li><\/ul><div class=\"clean\"><\/div> <\/div>","protected":false},"excerpt":{"rendered":"<p>El discurso \u00edntegro en el que Putin anuncia el inicio de una \u00aboperaci\u00f3n militar especial\u00bb en Ucrania. Recommend on Facebook Tweet about it Print for later Tell a friend<\/p>\n","protected":false},"author":2,"featured_media":0,"comment_status":"closed","ping_status":"closed","sticky":false,"template":"","format":"standard","meta":{"footnotes":""},"categories":[8],"tags":[],"class_list":["post-8421","post","type-post","status-publish","format-standard","hentry","category-internacional"],"_links":{"self":[{"href":"https:\/\/www.vitrubio03.es\/index.php?rest_route=\/wp\/v2\/posts\/8421","targetHints":{"allow":["GET"]}}],"collection":[{"href":"https:\/\/www.vitrubio03.es\/index.php?rest_route=\/wp\/v2\/posts"}],"about":[{"href":"https:\/\/www.vitrubio03.es\/index.php?rest_route=\/wp\/v2\/types\/post"}],"author":[{"embeddable":true,"href":"https:\/\/www.vitrubio03.es\/index.php?rest_route=\/wp\/v2\/users\/2"}],"replies":[{"embeddable":true,"href":"https:\/\/www.vitrubio03.es\/index.php?rest_route=%2Fwp%2Fv2%2Fcomments&post=8421"}],"version-history":[{"count":4,"href":"https:\/\/www.vitrubio03.es\/index.php?rest_route=\/wp\/v2\/posts\/8421\/revisions"}],"predecessor-version":[{"id":8445,"href":"https:\/\/www.vitrubio03.es\/index.php?rest_route=\/wp\/v2\/posts\/8421\/revisions\/8445"}],"wp:attachment":[{"href":"https:\/\/www.vitrubio03.es\/index.php?rest_route=%2Fwp%2Fv2%2Fmedia&parent=8421"}],"wp:term":[{"taxonomy":"category","embeddable":true,"href":"https:\/\/www.vitrubio03.es\/index.php?rest_route=%2Fwp%2Fv2%2Fcategories&post=8421"},{"taxonomy":"post_tag","embeddable":true,"href":"https:\/\/www.vitrubio03.es\/index.php?rest_route=%2Fwp%2Fv2%2Ftags&post=8421"}],"curies":[{"name":"wp","href":"https:\/\/api.w.org\/{rel}","templated":true}]}}