{"id":8543,"date":"2022-05-11T21:53:15","date_gmt":"2022-05-11T19:53:15","guid":{"rendered":"http:\/\/www.vitrubio03.es\/?p=8543"},"modified":"2022-06-02T07:35:19","modified_gmt":"2022-06-02T05:35:19","slug":"los-cunaos","status":"publish","type":"post","link":"https:\/\/www.vitrubio03.es\/?p=8543","title":{"rendered":"Los \u00abcu\u00f1aos\u00bb"},"content":{"rendered":"<p style=\"text-align: justify;\"><strong>Una vez m\u00e1s el morado molesta, en 1977 lo dijo S. Carrillo, y desde el 2014 la <a href=\"https:\/\/www.vitrubio03.es\/wp-content\/uploads\/2022\/05\/Honestidad.jpg\"><img loading=\"lazy\" decoding=\"async\" class=\" wp-image-8544 alignleft\" src=\"https:\/\/www.vitrubio03.es\/wp-content\/uploads\/2022\/05\/Honestidad-240x300.jpg\" alt=\"\" width=\"147\" height=\"184\" srcset=\"https:\/\/www.vitrubio03.es\/wp-content\/uploads\/2022\/05\/Honestidad-240x300.jpg 240w, https:\/\/www.vitrubio03.es\/wp-content\/uploads\/2022\/05\/Honestidad.jpg 720w\" sizes=\"auto, (max-width: 147px) 100vw, 147px\" \/><\/a>derecha m\u00e1s corrupta de Espa\u00f1a empez\u00f3 a actuar encarecidamente contra Pablo Iglesias y PODEMOS, lo de Pablo fue una persecuci\u00f3n sin parang\u00f3n, con amenazas de muerte, para \u00e9l y familia, era el ojo del hurac\u00e1n de PODEMOS a batir, ah\u00ed empezaron a surgir los \u00ablos cu\u00f1aos\u00bb avispados, cada uno queriendo ser el l\u00edder, agazapados a la espera para cuando acabasen con Pablo, y empez\u00f3 las Taifas en las comunidades donde Podemos tenia influencia.<\/strong><!--more--><\/p>\n<p style=\"text-align: justify;\"><strong>Hoy en el 2022, se ha consumado en Andaluc\u00eda, por un lado, Teresa una \u00abanticapi\u00bb que no quiso dar su apoyo al PSOE en el 2018, por no querer apoyar a un partido corrupto, ello dio paso a VOX y a los fascistas en el <a href=\"https:\/\/www.vitrubio03.es\/wp-content\/uploads\/2022\/05\/Traidores-y-malagradecidos-siempre-encuentran-excu-676253.jpg\"><img loading=\"lazy\" decoding=\"async\" class=\"size-medium wp-image-8545 alignleft\" src=\"https:\/\/www.vitrubio03.es\/wp-content\/uploads\/2022\/05\/Traidores-y-malagradecidos-siempre-encuentran-excu-676253-300x300.jpg\" alt=\"\" width=\"300\" height=\"300\" srcset=\"https:\/\/www.vitrubio03.es\/wp-content\/uploads\/2022\/05\/Traidores-y-malagradecidos-siempre-encuentran-excu-676253-300x300.jpg 300w, https:\/\/www.vitrubio03.es\/wp-content\/uploads\/2022\/05\/Traidores-y-malagradecidos-siempre-encuentran-excu-676253-150x150.jpg 150w, https:\/\/www.vitrubio03.es\/wp-content\/uploads\/2022\/05\/Traidores-y-malagradecidos-siempre-encuentran-excu-676253.jpg 500w\" sizes=\"auto, (max-width: 300px) 100vw, 300px\" \/><\/a>gobierno andaluz, y desde entonces el paro, la corrupci\u00f3n, las privatizaciones de lo p\u00fablico, no han hecho m\u00e1s que aumentar, todo por la actitud personal y egocentrista pensando en \u00ablo m\u00edo\u00bb, no en los que le dieron su apoyo y votos, rompiendo con Podemos que la aup\u00f3 como l\u00edder vamos una \u00abcu\u00f1ao\u00bb. Y ahora en las nuevas elecciones una vez m\u00e1s la magnanimidad de Podemos se ha visto traicionada, dado que <\/strong><strong>Yolanda D\u00edaz en Andaluc\u00eda ha apostado por una candidata de IU, cerrando acuerdos con M\u00e1s Pa\u00eds (\u00cd\u00f1igo Errej\u00f3n) \u00abotro cu\u00f1ao\u00bb, siendo invitado Podemos a sumarse, como si fuese un partido marginal en Andaluc\u00eda, cuando el que lo es, es M\u00e1s Pa\u00eds. Veremos si esa apuesta ha sido otro \u00abcu\u00f1ao\u00bb no solo a Podemos, sino tambi\u00e9n a Yolanda, declaraciones posteriores de Inma y sobre Andaluc\u00eda es de un rampante andalucismo nacionalista, olvidando su importancia a nivel nacional.<\/strong><\/p>\n<p style=\"text-align: justify;\"><strong>Yolanda, quiero creer que tu actuaci\u00f3n no sea de \u00abcu\u00f1ao\u00bb, te lo han hecho supongo. As\u00ed comprender\u00e1s que todos quieren ser l\u00edderes de su parcela, les importa un carajo la Naci\u00f3n, es un \u00abhablemos de los m\u00edo\u00bb. En el facher\u00edo ocurre lo contrario, todos unidos para robar como \u00fanica ideolog\u00eda y si se intenta denunciar a alguien desde dentro, lo fulminan.<\/strong><\/p>\n<p style=\"text-align: justify;\"><strong>Pronto se ha olvidado que solo gracias a Podemos hay dos ministros comunistas en el gobierno actual, hecho que no se repet\u00eda desde la Rep\u00fablica con Vicente Uribe y Jes\u00fas Hern\u00e1ndez Tom\u00e1s, ambos tuvieron que exiliarse al final de la contienda. Yo que soy Podemos incluso antes de que existiera, me averg\u00fcenza la continua traici\u00f3n de los llamados comunistas, llevo desde 1969 en la lucha y he visto de casi todo del PCE, desde el revisionismo \u00abcarrillista\u00bb, hasta su desvar\u00edo en la \u00abPlatajunta\u00bb, donde inclu\u00eda a personas vinculadas con el padre del caza-elefantes (el huido a Abu Dhabi).<\/strong><\/p>\n<p style=\"text-align: justify;\"><strong>Ahora en Andaluc\u00eda la traici\u00f3n se perpet\u00faa, pero no soy como los \u00abpuristas\u00bb de IU, votar\u00e9 para que la ultraderecha no se afinque en Andaluc\u00eda, no como los que llamaron a <a href=\"https:\/\/www.vitrubio03.es\/wp-content\/uploads\/2022\/05\/Sin-verguenzas.jpg\"><img loading=\"lazy\" decoding=\"async\" class=\"size-medium wp-image-8546 alignleft\" src=\"https:\/\/www.vitrubio03.es\/wp-content\/uploads\/2022\/05\/Sin-verguenzas-300x300.jpg\" alt=\"\" width=\"300\" height=\"300\" srcset=\"https:\/\/www.vitrubio03.es\/wp-content\/uploads\/2022\/05\/Sin-verguenzas-300x300.jpg 300w, https:\/\/www.vitrubio03.es\/wp-content\/uploads\/2022\/05\/Sin-verguenzas-150x150.jpg 150w, https:\/\/www.vitrubio03.es\/wp-content\/uploads\/2022\/05\/Sin-verguenzas.jpg 564w\" sizes=\"auto, (max-width: 300px) 100vw, 300px\" \/><\/a>la abstenci\u00f3n con tal que Podemos no lograran votos suficientes, incluso capaces de actuar como en Ardales (M\u00e1laga), donde IU logr\u00f3 la Alcald\u00eda con los votos de Falange (A) en el 2007, frente al PSOE.<\/strong><\/p>\n<p style=\"text-align: justify;\"><strong>Votar\u00e9 a pesar de todo, porque Podemos ha actuado con responsabilidad y generosidad para sumar, decidi\u00f3 retirar su candidato cuando Yolanda D\u00edaz pidi\u00f3 que se aceptara la opci\u00f3n de IU con Inma Nieto y fuese posible la unidad, \u00bfamenaz\u00f3 el \u00abcu\u00f1ao\u00bb IU?, pero no conforme con eso, tras aceptar esa condici\u00f3n, la organizaci\u00f3n con la que se negoci\u00f3, registr\u00f3 de forma incorrecta la documentaci\u00f3n para Constituir la Candidatura, pero casualidad, sin Podemos, vamos lo que el IBEX35 lleva intentando \u00abtiempo ha\u00bb en el resto de Espa\u00f1a. Mientras tanto el PSOE se mantiene a la expectativa de forma muda, son pasos para la vuelta al Bipartidismo, a\u00f1orado por muchos \u00absociatas\u00bb, los llamados \u00abbarones\u00bb, tanto los antiguos como los incipientes a la espera de las ansiadas \u00abpuertas giratorias\u00bb, algunos ya en el Gobierno actual.<\/strong><\/p>\n<div class='shareinpost'><ul class=\"socialwrap row\"><li class=\"iconOnly\"><a  rel='nofollow'  target='_blank'  title='Recommend this post : Los \u00abcu\u00f1aos\u00bb on Facebook'  href='http:\/\/www.facebook.com\/sharer.php?u=https%3A%2F%2Fwww.vitrubio03.es%2F%3Fp%3D8543&amp;t=Los+%C2%ABcu%C3%B1aos%C2%BB'  ><img  src='https:\/\/www.vitrubio03.es\/wp-content\/plugins\/share-and-follow\/images\/blank.gif'  height='32' width='32'  class='image-32' alt='facebook'  style='background: transparent url(https:\/\/www.vitrubio03.es\/wp-content\/plugins\/share-and-follow\/default\/32\/sprite-32.png) no-repeat;padding:0;margin:0;height:32px;width:32px;background-position:-363px 0px'   \/> <span class=\"head\">Recommend on Facebook<\/span><\/a><\/li><li class=\"iconOnly\"><a  rel='nofollow'  target='_blank'  title='Tweet this post : Los \u00abcu\u00f1aos\u00bb on Twitter'  href=\"http:\/\/twitter.com\/share?url=https%3A%2F%2Fwww.vitrubio03.es%2F%3Fp%3D8543&amp;text=Los+%C2%ABcu%C3%B1aos%C2%BB+-+\"  ><img  src='https:\/\/www.vitrubio03.es\/wp-content\/plugins\/share-and-follow\/images\/blank.gif'  height='32' width='32'  class='image-32' alt='twitter'  style='background: transparent url(https:\/\/www.vitrubio03.es\/wp-content\/plugins\/share-and-follow\/default\/32\/sprite-32.png) no-repeat;padding:0;margin:0;height:32px;width:32px;background-position:-1749px 0px'   \/> <span class=\"head\">Tweet about it<\/span><\/a><\/li><li class=\"iconOnly\"><a  rel='nofollow'  target='_self'  title='Print this post : Los \u00abcu\u00f1aos\u00bb for reading later'  href='javascript:window.print();'  ><img  src='https:\/\/www.vitrubio03.es\/wp-content\/plugins\/share-and-follow\/images\/blank.gif'  height='32' width='32'  class='image-32' alt='print'  style='background: transparent url(https:\/\/www.vitrubio03.es\/wp-content\/plugins\/share-and-follow\/default\/32\/sprite-32.png) no-repeat;padding:0;margin:0;height:32px;width:32px;background-position:-1386px 0px'   \/> <span class=\"head\">Print for later<\/span><\/a><\/li><li class=\"iconOnly\"><a rel=\"_self\" href=\"mailto:?subject=Reflexiones%20propias%20:%20Los%20\u00abcu\u00f1aos\u00bb&amp;body=Te%20adjunto%20un%20enlace%20a%20un%20art\u00edculo.%20Espero%20que%20te%20guste%20%20https:\/\/www.vitrubio03.es\/?p=8543\" title=\"Tell a friend about this post : Los \u00abcu\u00f1aos\u00bb \"><img loading=\"lazy\" decoding=\"async\" src=\"https:\/\/www.vitrubio03.es\/wp-content\/plugins\/share-and-follow\/images\/blank.gif\" height=\"32\"  width=\"32\" style=\"background: transparent url(https:\/\/www.vitrubio03.es\/wp-content\/plugins\/share-and-follow\/default\/32\/sprite-32.png) no-repeat;padding:0;margin:0;height:32px;width:32px;background-position:-330px 0px\" class=\"image-32\"  alt=\"email\" \/> <span class=\"head\">Tell a friend<\/span><\/a><\/li><\/ul><div class=\"clean\"><\/div> <\/div>","protected":false},"excerpt":{"rendered":"<p>Una vez m\u00e1s el morado molesta, en 1977 lo dijo S. Carrillo, y desde el 2014 la derecha m\u00e1s corrupta de Espa\u00f1a empez\u00f3 a actuar encarecidamente contra Pablo Iglesias y PODEMOS, lo de Pablo fue una persecuci\u00f3n sin parang\u00f3n, con &hellip; <a href=\"https:\/\/www.vitrubio03.es\/?p=8543\">Sigue leyendo <span class=\"meta-nav\">&rarr;<\/span><\/a><\/p>\n","protected":false},"author":2,"featured_media":0,"comment_status":"closed","ping_status":"closed","sticky":false,"template":"","format":"standard","meta":{"footnotes":""},"categories":[54],"tags":[],"class_list":["post-8543","post","type-post","status-publish","format-standard","hentry","category-elecciones"],"_links":{"self":[{"href":"https:\/\/www.vitrubio03.es\/index.php?rest_route=\/wp\/v2\/posts\/8543","targetHints":{"allow":["GET"]}}],"collection":[{"href":"https:\/\/www.vitrubio03.es\/index.php?rest_route=\/wp\/v2\/posts"}],"about":[{"href":"https:\/\/www.vitrubio03.es\/index.php?rest_route=\/wp\/v2\/types\/post"}],"author":[{"embeddable":true,"href":"https:\/\/www.vitrubio03.es\/index.php?rest_route=\/wp\/v2\/users\/2"}],"replies":[{"embeddable":true,"href":"https:\/\/www.vitrubio03.es\/index.php?rest_route=%2Fwp%2Fv2%2Fcomments&post=8543"}],"version-history":[{"count":3,"href":"https:\/\/www.vitrubio03.es\/index.php?rest_route=\/wp\/v2\/posts\/8543\/revisions"}],"predecessor-version":[{"id":8549,"href":"https:\/\/www.vitrubio03.es\/index.php?rest_route=\/wp\/v2\/posts\/8543\/revisions\/8549"}],"wp:attachment":[{"href":"https:\/\/www.vitrubio03.es\/index.php?rest_route=%2Fwp%2Fv2%2Fmedia&parent=8543"}],"wp:term":[{"taxonomy":"category","embeddable":true,"href":"https:\/\/www.vitrubio03.es\/index.php?rest_route=%2Fwp%2Fv2%2Fcategories&post=8543"},{"taxonomy":"post_tag","embeddable":true,"href":"https:\/\/www.vitrubio03.es\/index.php?rest_route=%2Fwp%2Fv2%2Ftags&post=8543"}],"curies":[{"name":"wp","href":"https:\/\/api.w.org\/{rel}","templated":true}]}}