{"id":8551,"date":"2022-06-01T19:47:25","date_gmt":"2022-06-01T17:47:25","guid":{"rendered":"http:\/\/www.vitrubio03.es\/?p=8551"},"modified":"2022-06-04T13:52:41","modified_gmt":"2022-06-04T11:52:41","slug":"no-soy-irreverente","status":"publish","type":"post","link":"https:\/\/www.vitrubio03.es\/?p=8551","title":{"rendered":"No soy irreverente"},"content":{"rendered":"<p style=\"text-align: justify;\"><strong>No oculto mi paganismo al creer en cuatro divinidades, el Sol, la Luna, el Agua y la Tierra, ellas nos dan la vida. Pero no soy irreverente por criticar <a href=\"https:\/\/www.vitrubio03.es\/wp-content\/uploads\/2022\/06\/1o.jpg\"><img loading=\"lazy\" decoding=\"async\" class=\"size-medium wp-image-8552 alignleft\" src=\"https:\/\/www.vitrubio03.es\/wp-content\/uploads\/2022\/06\/1o-300x170.jpg\" alt=\"\" width=\"300\" height=\"170\" srcset=\"https:\/\/www.vitrubio03.es\/wp-content\/uploads\/2022\/06\/1o-300x170.jpg 300w, https:\/\/www.vitrubio03.es\/wp-content\/uploads\/2022\/06\/1o.jpg 468w\" sizes=\"auto, (max-width: 300px) 100vw, 300px\" \/><\/a>religiones monote\u00edstas que intentan prohibir ciertas cosas seg\u00fan sus est\u00fapidas leyes o creencias impuestas, dicen que por un hipot\u00e9tico Dios; tambi\u00e9n me molesta que intenten que crea cualquiera de sus normas, yo no les pregunto por qu\u00e9 creen en Dios, cuando me preguntan por qu\u00e9 no creo esas personas que dicen ser monote\u00edsta de la Iglesia Apost\u00f3lica y Romana espa\u00f1ola; nunca he cre\u00eddo conveniente rebatirles, no le entender\u00edan. <\/strong><!--more--><\/p>\n<p style=\"text-align: justify;\"><strong>Porque esa religi\u00f3n es claramente politeista y pagana, pr\u00e1ctica rechazada por el Cristianismo en el a\u00f1o 381 en el concilio de Constantinopla, y en <\/strong>\u00a0<strong>el 392<\/strong><strong> con el edicto de Constantinopla,\u00a0<\/strong><strong>se prohibieron cualquier ritual pagano incluso en la privacidad de la propia casa, particularmente opresivo, incluyendo la pena <a href=\"https:\/\/www.vitrubio03.es\/wp-content\/uploads\/2022\/06\/Los-tres.jpg\"><img loading=\"lazy\" decoding=\"async\" class=\"size-full wp-image-8561 alignleft\" src=\"https:\/\/www.vitrubio03.es\/wp-content\/uploads\/2022\/06\/Los-tres.jpg\" alt=\"\" width=\"300\" height=\"168\" \/><\/a>de muerte a los maniqueos<\/strong><strong>\u00a0y a la disciplina aruspicina (leer el futuro sacrificando un animal),<\/strong> <strong>tambi\u00e9n<\/strong> <strong>persiguieron <\/strong><strong>la veneraci\u00f3n de m\u00e1s de un Dios al considerarlo idolatr\u00eda, as\u00ed como la adoraci\u00f3n de im\u00e1genes. Al menos los hebreos y los musulmanes creen en un solo Dios, con sus m\u00e1s y sus menos sobre la imposici\u00f3n religiosa a ultranza, sean gentiles o no muslim. La cristiandad entra en contradicci\u00f3n nuevamente al sentar las bases de tres dioses con la Trinidad, tres personas distintas o hip\u00f3stasis en un ser \u00fanico, ello les ocup\u00f3 varios concilios el de Nicea (a\u00f1o 325) se defini\u00f3 la naturaleza del Hijo respecto del Padre. En el de Constantinopla (a\u00f1o 381) se reconoci\u00f3 al Esp\u00edritu Santo, siendo ratificado en el de Calcedonia (a\u00f1o 451).<\/strong><\/p>\n<p style=\"text-align: justify;\"><strong>No siendo totalmente aceptado cuando no rechazados estos concilios, <a href=\"https:\/\/www.vitrubio03.es\/wp-content\/uploads\/2022\/06\/3o.jpg\"><img loading=\"lazy\" decoding=\"async\" class=\"size-medium wp-image-8554 alignleft\" src=\"https:\/\/www.vitrubio03.es\/wp-content\/uploads\/2022\/06\/3o-284x300.jpg\" alt=\"\" width=\"284\" height=\"300\" srcset=\"https:\/\/www.vitrubio03.es\/wp-content\/uploads\/2022\/06\/3o-284x300.jpg 284w, https:\/\/www.vitrubio03.es\/wp-content\/uploads\/2022\/06\/3o-768x811.jpg 768w, https:\/\/www.vitrubio03.es\/wp-content\/uploads\/2022\/06\/3o.jpg 970w\" sizes=\"auto, (max-width: 284px) 100vw, 284px\" \/><\/a>dividi\u00e9ndose las cristiandad en distintas ramas, a favor y en contra, entre ellas <\/strong><strong>el catolicismo apost\u00f3lico romano, junto a las 24 iglesias sui iuris (entre ellas cat\u00f3lica armenia, cat\u00f3lica caldea, cat\u00f3lica copta, cat\u00f3lica siria, cat\u00f3lica maronita, greco-melquita cat\u00f3lica, etc.), la<\/strong> <strong>ortodoxia bizantina, ortodoxia oriental, Iglesia de Oriente, el protestantismo, los testigos de Jehov\u00e1 y las diferentes variantes del evangelismo (pentecostal, metodista, bautista, bautista reformado, culto, anabaptismo, movimiento carism\u00e1tico,<\/strong> <strong>etc.).<\/strong><\/p>\n<p style=\"text-align: justify;\"><strong>Pero sobresale con diferencia el catolicismo espa\u00f1ol representado por la Iglesia Cat\u00f3lica Apost\u00f3lica y Romana; desde la Edad Media combati\u00f3 al <a href=\"https:\/\/www.vitrubio03.es\/wp-content\/uploads\/2022\/06\/4o.jpg\"><img loading=\"lazy\" decoding=\"async\" class=\"size-full wp-image-8555 alignleft\" src=\"https:\/\/www.vitrubio03.es\/wp-content\/uploads\/2022\/06\/4o.jpg\" alt=\"\" width=\"239\" height=\"150\" \/><\/a>Juda\u00edsmo y el Islam, pero fue m\u00e1s notoria su intransigencia desde el siglo XVI con la aparici\u00f3n del protestantismo y el asesinato de miles personas no cat\u00f3licas, su ep\u00edlogo qued\u00f3 plasmado durante el alzamiento militar de 1939 cuando se desmand\u00f3 la represi\u00f3n religiosa, otra contradicci\u00f3n con sus creencias, seg\u00fan sus evangelios. Hoy en d\u00eda se mantiene la relaci\u00f3n con el Vaticano con el subterfugio de los Concordatos renovados algunas veces, que se inici\u00f3 con los Reyes Cat\u00f3licos al construir el Templete de San Pedro en Roma en 1502. (**1)<\/strong><\/p>\n<p style=\"text-align: justify;\"><strong>Pero lo incomprensible de la Iglesia Apost\u00f3lica Romana espa\u00f1ola, es la <a href=\"https:\/\/www.vitrubio03.es\/wp-content\/uploads\/2022\/06\/2o.jpg\"><img loading=\"lazy\" decoding=\"async\" class=\"size-full wp-image-8553 alignleft\" src=\"https:\/\/www.vitrubio03.es\/wp-content\/uploads\/2022\/06\/2o.jpg\" alt=\"\" width=\"179\" height=\"160\" \/><\/a>creencia de tres dioses en uno, la llamada Trinidad (Padre, Hijo y Nieto &#8211; el hijo del palomo-), divinidad\/es que no tienen se\u00f1alado ning\u00fan d\u00eda de adoraci\u00f3n, porque dicen que est\u00e1 ah\u00ed o entre nosotros, algo et\u00e9reo sin entender, sobresale la adoraci\u00f3n de un tal Jes\u00fas, aunque solo 5 d\u00edas al a\u00f1o (cuando naci\u00f3, tres en su semana &#8211; Ramos, Muerte y Resurrecci\u00f3n-) y el jueves sesenta d\u00edas despu\u00e9s del domingo de Resurrecci\u00f3n.<br \/>\n<\/strong><strong>Pero no solo la idolatr\u00eda es con tres dioses, en Espa\u00f1a hay 8.131 municipios y en todos ellos se adora a una no santa, casi todos los municipios tienen una Virgen como patrona de distintos nombres: de la zarza, del rosario, del pilar, de Lourdes, de las nieves, de \u00c1frica, aurora, roc\u00edo, de la luz, de Guadalupe, cientos de poblaciones diversas con su patron\u00edmico, as\u00ed como de oficios varios, ej\u00e9rcito, armada, de Defensa\u2026, Virgen que dice representar a Mar\u00eda la madre de Jes\u00fas y esposa del Palomo seg\u00fan los cat\u00f3licos, esta pr\u00e1ctica de adoraci\u00f3n solo ocurre en la cat\u00f3lica como intercesora de su hijo, en las otras no hay nada parecido.<\/strong><\/p>\n<p style=\"text-align: justify;\"><strong>La idolatr\u00eda se perpet\u00faa en el catolicismo el espa\u00f1ol durante los 365 d\u00edas del a\u00f1o, en su santoral cada d\u00eda tiene al menos tres santos, santas, beatos, beatas <a href=\"https:\/\/www.vitrubio03.es\/wp-content\/uploads\/2022\/06\/Siervos.jpg\"><img loading=\"lazy\" decoding=\"async\" class=\"size-medium wp-image-8562 alignleft\" src=\"https:\/\/www.vitrubio03.es\/wp-content\/uploads\/2022\/06\/Siervos-300x169.jpg\" alt=\"\" width=\"300\" height=\"169\" srcset=\"https:\/\/www.vitrubio03.es\/wp-content\/uploads\/2022\/06\/Siervos-300x169.jpg 300w, https:\/\/www.vitrubio03.es\/wp-content\/uploads\/2022\/06\/Siervos-768x432.jpg 768w, https:\/\/www.vitrubio03.es\/wp-content\/uploads\/2022\/06\/Siervos.jpg 1000w\" sizes=\"auto, (max-width: 300px) 100vw, 300px\" \/><\/a>siervos, venerables de insospechados nombres y virtudes, con im\u00e1genes en sus templos,\u00a0 siendo adoradas por los creyentes incluso entregando d\u00e1divas, es la pr\u00e1ctica del paganismo cat\u00f3lico, y si nos atenemos a ello podemos contar, por lo bajo, que el catolicismo espa\u00f1ol adora al menos a 24.000 dioses o semidioses. Han institucionalizado el politeismo cat\u00f3lico contradictorio con sus preceptos y concilios.<\/strong><\/p>\n<p style=\"text-align: justify;\"><strong>\u00a0\u00a0\u00a0\u00a0\u00a0\u00a0\u00a0\u00a0\u00a0\u00a0\u00a0\u00a0\u00a0\u00a0\u00a0\u00a0\u00a0\u00a0\u00a0\u00a0\u00a0\u00a0\u00a0\u00a0\u00a0\u00a0\u00a0\u00a0\u00a0\u00a0\u00a0\u00a0\u00a0\u00a0\u00a0\u00a0\u00a0\u00a0\u00a0\u00a0\u00a0\u00a0\u00a0\u00a0\u00a0\u00a0\u00a0\u00a0\u00a0\u00a0\u00a0\u00a0\u00a0\u00a0\u00a0\u00a0\u00a0\u00a0\u00a0\u00a0 Soy pagano por convicci\u00f3n<\/strong><\/p>\n<p style=\"text-align: justify;\"><strong>\u00a0<\/strong><\/p>\n<h4 style=\"text-align: justify;\"><strong>** 1.- En octubre de 1469, Fernando de Arag\u00f3n e Isabel de Castilla se desposaron en Valladolid, se celebr\u00f3 sin ninguna pompa; Fernando\u00a0 tuvo que acudir en secreto y disfrazado de mozo de mula de unos mercaderes. La raz\u00f3n era que la boda que se iba a <a href=\"https:\/\/www.vitrubio03.es\/wp-content\/uploads\/2022\/06\/5o.jpg\"><img loading=\"lazy\" decoding=\"async\" class=\"size-medium wp-image-8556 alignleft\" src=\"https:\/\/www.vitrubio03.es\/wp-content\/uploads\/2022\/06\/5o-220x300.jpg\" alt=\"\" width=\"220\" height=\"300\" srcset=\"https:\/\/www.vitrubio03.es\/wp-content\/uploads\/2022\/06\/5o-220x300.jpg 220w, https:\/\/www.vitrubio03.es\/wp-content\/uploads\/2022\/06\/5o.jpg 456w\" sizes=\"auto, (max-width: 220px) 100vw, 220px\" \/><\/a>celebrar no era v\u00e1lida a efectos religiosos por consanguinidad y, por si fuera poco, hab\u00edan falsificado una bula supuestamente emitida por el Papa Pio II, que llevaba cinco a\u00f1os muerto,<\/strong> <strong>por ello<\/strong> <strong>fueron excomulgados. Pero el Vaticano en 1471 envi\u00f3 a al cardenal Rodrigo Borgia (en\u00a0 1492 fue nombrado Papa con el nombre de Alejandro VI\u00a0 y se inici\u00f3 de la dinast\u00eda papal de los Borgia),<\/strong> <strong>este<\/strong> <strong>les entreg\u00f3 una bula para legitimar el matrimon<\/strong><strong>io<\/strong><strong>\u00a0a cambio de que le concedieran la ciudad de Gand\u00eda y el t\u00edtulo de duque a su primog\u00e9nito, Pedro Luis Borgia. Como agradecimiento al Vaticano se inicia el apoyo de Espa\u00f1a a la Iglesia Apost\u00f3lica Romana, mandando construir el Templete de San Prieto in Montorio en Roma en 1502 como pago y agradecimiento, ese fue el inicio de los concordatos que perduran en la actualidad, solo revocado con la II Rep\u00fablica. Se iniciaron las negociaciones para su restauraci\u00f3n en 1941, finalmente firmado en 1953 como reconocimiento al franquismo.<\/strong><\/h4>\n<h4 style=\"text-align: justify;\"><strong>Indagando sobre los venerados que aparecen en el santoral cat\u00f3lico, me he ce\u00f1ido a una poblaci\u00f3n concreta\u00a0 La Isla de San Fernando en C\u00e1diz, elaborando un post titulado \u00abMe qued<\/strong><strong>\u00e9 corto\u00bb https:\/\/www.vitrubio03.es\/?p=8564\u00a0 pues, donde pon\u00eda m\u00ednimo 3\u00a0 venerados\u00a0 resulta demasiado corto,\u00a0 en este caso son m\u00e1s de 10 en ambas festividades religiosas.<\/strong><\/h4>\n<div class='shareinpost'><ul class=\"socialwrap row\"><li class=\"iconOnly\"><a  rel='nofollow'  target='_blank'  title='Recommend this post : No soy irreverente on Facebook'  href='http:\/\/www.facebook.com\/sharer.php?u=https%3A%2F%2Fwww.vitrubio03.es%2F%3Fp%3D8551&amp;t=No+soy+irreverente'  ><img  src='https:\/\/www.vitrubio03.es\/wp-content\/plugins\/share-and-follow\/images\/blank.gif'  height='32' width='32'  class='image-32' alt='facebook'  style='background: transparent url(https:\/\/www.vitrubio03.es\/wp-content\/plugins\/share-and-follow\/default\/32\/sprite-32.png) no-repeat;padding:0;margin:0;height:32px;width:32px;background-position:-363px 0px'   \/> <span class=\"head\">Recommend on Facebook<\/span><\/a><\/li><li class=\"iconOnly\"><a  rel='nofollow'  target='_blank'  title='Tweet this post : No soy irreverente on Twitter'  href=\"http:\/\/twitter.com\/share?url=https%3A%2F%2Fwww.vitrubio03.es%2F%3Fp%3D8551&amp;text=No+soy+irreverente+-+\"  ><img  src='https:\/\/www.vitrubio03.es\/wp-content\/plugins\/share-and-follow\/images\/blank.gif'  height='32' width='32'  class='image-32' alt='twitter'  style='background: transparent url(https:\/\/www.vitrubio03.es\/wp-content\/plugins\/share-and-follow\/default\/32\/sprite-32.png) no-repeat;padding:0;margin:0;height:32px;width:32px;background-position:-1749px 0px'   \/> <span class=\"head\">Tweet about it<\/span><\/a><\/li><li class=\"iconOnly\"><a  rel='nofollow'  target='_self'  title='Print this post : No soy irreverente for reading later'  href='javascript:window.print();'  ><img  src='https:\/\/www.vitrubio03.es\/wp-content\/plugins\/share-and-follow\/images\/blank.gif'  height='32' width='32'  class='image-32' alt='print'  style='background: transparent url(https:\/\/www.vitrubio03.es\/wp-content\/plugins\/share-and-follow\/default\/32\/sprite-32.png) no-repeat;padding:0;margin:0;height:32px;width:32px;background-position:-1386px 0px'   \/> <span class=\"head\">Print for later<\/span><\/a><\/li><li class=\"iconOnly\"><a rel=\"_self\" href=\"mailto:?subject=Reflexiones%20propias%20:%20No%20soy%20irreverente&amp;body=Te%20adjunto%20un%20enlace%20a%20un%20art\u00edculo.%20Espero%20que%20te%20guste%20%20https:\/\/www.vitrubio03.es\/?p=8551\" title=\"Tell a friend about this post : No soy irreverente \"><img loading=\"lazy\" decoding=\"async\" src=\"https:\/\/www.vitrubio03.es\/wp-content\/plugins\/share-and-follow\/images\/blank.gif\" height=\"32\"  width=\"32\" style=\"background: transparent url(https:\/\/www.vitrubio03.es\/wp-content\/plugins\/share-and-follow\/default\/32\/sprite-32.png) no-repeat;padding:0;margin:0;height:32px;width:32px;background-position:-330px 0px\" class=\"image-32\"  alt=\"email\" \/> <span class=\"head\">Tell a friend<\/span><\/a><\/li><\/ul><div class=\"clean\"><\/div> <\/div>","protected":false},"excerpt":{"rendered":"<p>No oculto mi paganismo al creer en cuatro divinidades, el Sol, la Luna, el Agua y la Tierra, ellas nos dan la vida. Pero no soy irreverente por criticar religiones monote\u00edstas que intentan prohibir ciertas cosas seg\u00fan sus est\u00fapidas leyes &hellip; <a href=\"https:\/\/www.vitrubio03.es\/?p=8551\">Sigue leyendo <span class=\"meta-nav\">&rarr;<\/span><\/a><\/p>\n","protected":false},"author":2,"featured_media":0,"comment_status":"closed","ping_status":"closed","sticky":false,"template":"","format":"standard","meta":{"footnotes":""},"categories":[6],"tags":[],"class_list":["post-8551","post","type-post","status-publish","format-standard","hentry","category-iglesia"],"_links":{"self":[{"href":"https:\/\/www.vitrubio03.es\/index.php?rest_route=\/wp\/v2\/posts\/8551","targetHints":{"allow":["GET"]}}],"collection":[{"href":"https:\/\/www.vitrubio03.es\/index.php?rest_route=\/wp\/v2\/posts"}],"about":[{"href":"https:\/\/www.vitrubio03.es\/index.php?rest_route=\/wp\/v2\/types\/post"}],"author":[{"embeddable":true,"href":"https:\/\/www.vitrubio03.es\/index.php?rest_route=\/wp\/v2\/users\/2"}],"replies":[{"embeddable":true,"href":"https:\/\/www.vitrubio03.es\/index.php?rest_route=%2Fwp%2Fv2%2Fcomments&post=8551"}],"version-history":[{"count":6,"href":"https:\/\/www.vitrubio03.es\/index.php?rest_route=\/wp\/v2\/posts\/8551\/revisions"}],"predecessor-version":[{"id":8569,"href":"https:\/\/www.vitrubio03.es\/index.php?rest_route=\/wp\/v2\/posts\/8551\/revisions\/8569"}],"wp:attachment":[{"href":"https:\/\/www.vitrubio03.es\/index.php?rest_route=%2Fwp%2Fv2%2Fmedia&parent=8551"}],"wp:term":[{"taxonomy":"category","embeddable":true,"href":"https:\/\/www.vitrubio03.es\/index.php?rest_route=%2Fwp%2Fv2%2Fcategories&post=8551"},{"taxonomy":"post_tag","embeddable":true,"href":"https:\/\/www.vitrubio03.es\/index.php?rest_route=%2Fwp%2Fv2%2Ftags&post=8551"}],"curies":[{"name":"wp","href":"https:\/\/api.w.org\/{rel}","templated":true}]}}