{"id":8633,"date":"2022-08-10T19:11:06","date_gmt":"2022-08-10T17:11:06","guid":{"rendered":"http:\/\/www.vitrubio03.es\/?p=8633"},"modified":"2022-08-10T22:13:43","modified_gmt":"2022-08-10T20:13:43","slug":"harto-de-los-no-pensantes","status":"publish","type":"post","link":"https:\/\/www.vitrubio03.es\/?p=8633","title":{"rendered":"Harto de los no pensantes"},"content":{"rendered":"<p style=\"text-align: justify;\"><strong>M\u00e1s que harto, estoy indignado con los parados, mileuristas, aut\u00f3nomos, <a href=\"https:\/\/www.vitrubio03.es\/wp-content\/uploads\/2022\/08\/Inteligencia-1.jpg\"><img loading=\"lazy\" decoding=\"async\" class=\"size-medium wp-image-8639 alignleft\" src=\"https:\/\/www.vitrubio03.es\/wp-content\/uploads\/2022\/08\/Inteligencia-1-300x300.jpg\" alt=\"\" width=\"300\" height=\"300\" srcset=\"https:\/\/www.vitrubio03.es\/wp-content\/uploads\/2022\/08\/Inteligencia-1-300x300.jpg 300w, https:\/\/www.vitrubio03.es\/wp-content\/uploads\/2022\/08\/Inteligencia-1-150x150.jpg 150w, https:\/\/www.vitrubio03.es\/wp-content\/uploads\/2022\/08\/Inteligencia-1.jpg 720w\" sizes=\"auto, (max-width: 300px) 100vw, 300px\" \/><\/a>trabajadores de todos los gremios y de los que se creen clase media por sus conversaciones de Bar, haci\u00e9ndose eco de las consignas del PP y sat\u00e9lites respecto a bajar los impuestos al menos en un 5%. No recuerdan que los mismos partidos que ahora hablan, cuando gobernaron subieron los impuestos por Decreto Ley.<\/strong><!--more--><\/p>\n<h3 style=\"text-align: justify;\"><strong>Algunos de estos no pensantes son llamados \u00abfachas pobres\u00bb, por ser <a href=\"https:\/\/www.vitrubio03.es\/wp-content\/uploads\/2022\/08\/CLOACAS-1.jpg\"><img loading=\"lazy\" decoding=\"async\" class=\"wp-image-8647 alignleft\" src=\"https:\/\/www.vitrubio03.es\/wp-content\/uploads\/2022\/08\/CLOACAS-1-300x298.jpg\" alt=\"\" width=\"185\" height=\"184\" srcset=\"https:\/\/www.vitrubio03.es\/wp-content\/uploads\/2022\/08\/CLOACAS-1-300x298.jpg 300w, https:\/\/www.vitrubio03.es\/wp-content\/uploads\/2022\/08\/CLOACAS-1-150x150.jpg 150w, https:\/\/www.vitrubio03.es\/wp-content\/uploads\/2022\/08\/CLOACAS-1.jpg 720w\" sizes=\"auto, (max-width: 185px) 100vw, 185px\" \/><\/a>seguidores de las consignas pregonadas insistentemente en los medios controlados por esos partidos (casi todos) si exceptuamos a los independientes (la mayor\u00eda digitales), esta nueva ocurrencia del PP tiene un fin, desmovilizar a los votantes, sin darse cuenta estos pensantes de Bar o sesudos de oficinas que solo ven TV sin comprender que esta consigna es de los \u00abpoderes f\u00e1cticos\u00bb, algo as\u00ed expone Tezanos en un art\u00edculo publicado en la revista <a href=\"https:\/\/www.vitrubio03.es\/wp-content\/uploads\/2022\/08\/Sueldo.jpg\"><img loading=\"lazy\" decoding=\"async\" class=\" wp-image-8648 alignleft\" src=\"https:\/\/www.vitrubio03.es\/wp-content\/uploads\/2022\/08\/Sueldo-300x300.jpg\" alt=\"\" width=\"193\" height=\"193\" srcset=\"https:\/\/www.vitrubio03.es\/wp-content\/uploads\/2022\/08\/Sueldo-300x300.jpg 300w, https:\/\/www.vitrubio03.es\/wp-content\/uploads\/2022\/08\/Sueldo-150x150.jpg 150w, https:\/\/www.vitrubio03.es\/wp-content\/uploads\/2022\/08\/Sueldo.jpg 480w\" sizes=\"auto, (max-width: 193px) 100vw, 193px\" \/><\/a>Tema<em>s<\/em> y titulado \u00abEncrucijada pol\u00edtico-preelectoral\u00bb, el no leer es otro de los motivos del descerebramiento de estos elementos. Los descerebrados no pensantes deber\u00edan de reclamar al PP que se sume a la ciudadan\u00eda en reclamar un salario acorde con las subidas provocadas por la inflaci\u00f3n de la que son culpables los Grandes Emporios financieros.<\/strong><\/h3>\n<h3 style=\"text-align: justify;\"><strong>No s\u00e9 si saben los no pensantes que los impuestos que recauda el Estado sirve para Sanidad, Educaci\u00f3n, Prestaci\u00f3n de desempleo, IMV y Servicios <a href=\"https:\/\/www.vitrubio03.es\/wp-content\/uploads\/2022\/08\/Publico-Privado.jpg\"><img loading=\"lazy\" decoding=\"async\" class=\"size-medium wp-image-8635 alignleft\" src=\"https:\/\/www.vitrubio03.es\/wp-content\/uploads\/2022\/08\/Publico-Privado-300x230.jpg\" alt=\"\" width=\"300\" height=\"230\" srcset=\"https:\/\/www.vitrubio03.es\/wp-content\/uploads\/2022\/08\/Publico-Privado-300x230.jpg 300w, https:\/\/www.vitrubio03.es\/wp-content\/uploads\/2022\/08\/Publico-Privado.jpg 720w\" sizes=\"auto, (max-width: 300px) 100vw, 300px\" \/><\/a>Sociales entre otros, pero siempre p\u00fablicos, y cuando gobernaron estos partidos, gran parte fue para enriquecimiento de presidentes, ministros y adjuntos, restando inversi\u00f3n en lo P\u00fablico, (o privatizaron directamente), pero su pr\u00e1ctica habitual fue desviar gran parte de esos impuestos en subvenciones a la Iglesia, Hospitales y Ense\u00f1anza privada, tambi\u00e9n a grandes empresas de ping\u00fces beneficios, para proyectos futuros y no utilizando sus beneficios por si fracasan, como ha ocurrido supuestamente en muchos casos.<\/strong><\/h3>\n<h3 style=\"text-align: justify;\"><strong>Estos charlatanes de Bar no saben que gran parte de lo recaudado van a las CC AA que lo distribuye supuestamente en lo p\u00fablico, pero es notoria <a href=\"https:\/\/www.vitrubio03.es\/wp-content\/uploads\/2022\/08\/Genova-13.jpg\"><img loading=\"lazy\" decoding=\"async\" class=\"size-medium wp-image-8641 alignleft\" src=\"https:\/\/www.vitrubio03.es\/wp-content\/uploads\/2022\/08\/Genova-13-300x213.jpg\" alt=\"\" width=\"300\" height=\"213\" srcset=\"https:\/\/www.vitrubio03.es\/wp-content\/uploads\/2022\/08\/Genova-13-300x213.jpg 300w, https:\/\/www.vitrubio03.es\/wp-content\/uploads\/2022\/08\/Genova-13.jpg 762w\" sizes=\"auto, (max-width: 300px) 100vw, 300px\" \/><\/a>la prevaricaci\u00f3n reinante donde benefician a determinados elementos afines en detrimento de la ciudadan\u00eda, hablan de bajar sobre todo el precio de los combustibles, pero \u00bfqui\u00e9n sube los precios?, el Estado no, durante la actual aventura USA en Ucrania donde nos han metido, ha generado una subida de hasta un 75% en el combustible, consiguiendo <\/strong><strong>las grandes corporaciones de hidrocarburos disparar sus m\u00e1rgenes de refino llegando a ganar 150.000 millones en el primer semestre, a ellos la rebaja de los impuestos les beneficia directamente a pesar de que nunca pagan conforme a la media de la ciudadan\u00eda, alrededor del 15% del IRPF, ellos pagan (por su ingenier\u00eda financiera, no m\u00e1s de un 3%), <\/strong><strong>estos ser\u00e1n los <\/strong><strong>verdaderos beneficiados de la rebaja <\/strong><strong>de <a href=\"https:\/\/www.vitrubio03.es\/wp-content\/uploads\/2022\/08\/Los-35-1.jpg\"><img loading=\"lazy\" decoding=\"async\" class=\"size-medium wp-image-8642 alignleft\" src=\"https:\/\/www.vitrubio03.es\/wp-content\/uploads\/2022\/08\/Los-35-1-300x154.jpg\" alt=\"\" width=\"300\" height=\"154\" srcset=\"https:\/\/www.vitrubio03.es\/wp-content\/uploads\/2022\/08\/Los-35-1-300x154.jpg 300w, https:\/\/www.vitrubio03.es\/wp-content\/uploads\/2022\/08\/Los-35-1.jpg 480w\" sizes=\"auto, (max-width: 300px) 100vw, 300px\" \/><\/a>impuestos. Por qu\u00e9 los no pensante no piden al PP que se sume en la petici\u00f3n de un salario digno para los asalariados, a sus mentores del IBEX 35, en lugar de rebaja fiscales donde est\u00e1n <\/strong><strong>algunos de los antiguos gobernantes como asesores o en consejos de administraci\u00f3n por las llamadas \u00abpuertas giratorias\u00bb, que con sus contactos estos grandes consorcios piden subvenciones para proyectos e\u00f3licos, solares o verdes, tanta caradura no la entiendo, pero los aplaudidores ni se enteran, tal vez con un ejemplo vean la realidad: <\/strong><\/h3>\n<h3 style=\"text-align: justify;\"><strong>&#8211; Los que cobran alrededor de 30.000 \u20ac anuales y con un 18% de IRPF, les supone un sueldo real de 24.600 \u20ac; si se le resta directamente un 5% m\u00e1s, el IRPF quedar\u00eda en el 13%, resultando un total de 26.100 \u20ac, son 1.500 \u20ac m\u00e1s para gastar, alrededor de 4 \u20ac diarios por familia, mientras que Bancos, y Grandes Emporios de todo tipo con beneficios superiores a los <a href=\"https:\/\/www.vitrubio03.es\/wp-content\/uploads\/2022\/08\/Obama.jpg\"><img loading=\"lazy\" decoding=\"async\" class=\" wp-image-8643 alignleft\" src=\"https:\/\/www.vitrubio03.es\/wp-content\/uploads\/2022\/08\/Obama-300x199.jpg\" alt=\"\" width=\"257\" height=\"170\" srcset=\"https:\/\/www.vitrubio03.es\/wp-content\/uploads\/2022\/08\/Obama-300x199.jpg 300w, https:\/\/www.vitrubio03.es\/wp-content\/uploads\/2022\/08\/Obama.jpg 380w\" sizes=\"auto, (max-width: 257px) 100vw, 257px\" \/><\/a>5.000 millones anuales a esos que no pagan m\u00e1s de un 3%, \u00bfque se les hace? \u00bfdar dinero? Eso son los 250 millones \u20ac de cada uno de ellos, de lo P\u00fablico para beneficio de las grandes fortunas. Que expliquen los sesudos economistas del PP como aplicar el 5%, o al menos c\u00f3mo queda la ampliaci\u00f3n de los consejos de administraci\u00f3n, y asesores de esas grandes empresas para esos pol\u00edticos cuando abandonen la pol\u00edtica, esos que son jaleados por los descerebrados de \u00abclase media\u00bb charlatanes de Bar, mileuristas, aut\u00f3nomos o trabajadores en general, a todos les dir\u00eda una frase muy de C\u00e1diz \u00bft\u00fa no ser\u00e1s tonto?<\/strong><\/h3>\n<div class='shareinpost'><ul class=\"socialwrap row\"><li class=\"iconOnly\"><a  rel='nofollow'  target='_blank'  title='Recommend this post : Harto de los no pensantes on Facebook'  href='http:\/\/www.facebook.com\/sharer.php?u=https%3A%2F%2Fwww.vitrubio03.es%2F%3Fp%3D8633&amp;t=Harto+de+los+no+pensantes'  ><img  src='https:\/\/www.vitrubio03.es\/wp-content\/plugins\/share-and-follow\/images\/blank.gif'  height='32' width='32'  class='image-32' alt='facebook'  style='background: transparent url(https:\/\/www.vitrubio03.es\/wp-content\/plugins\/share-and-follow\/default\/32\/sprite-32.png) no-repeat;padding:0;margin:0;height:32px;width:32px;background-position:-363px 0px'   \/> <span class=\"head\">Recommend on Facebook<\/span><\/a><\/li><li class=\"iconOnly\"><a  rel='nofollow'  target='_blank'  title='Tweet this post : Harto de los no pensantes on Twitter'  href=\"http:\/\/twitter.com\/share?url=https%3A%2F%2Fwww.vitrubio03.es%2F%3Fp%3D8633&amp;text=Harto+de+los+no+pensantes+-+\"  ><img  src='https:\/\/www.vitrubio03.es\/wp-content\/plugins\/share-and-follow\/images\/blank.gif'  height='32' width='32'  class='image-32' alt='twitter'  style='background: transparent url(https:\/\/www.vitrubio03.es\/wp-content\/plugins\/share-and-follow\/default\/32\/sprite-32.png) no-repeat;padding:0;margin:0;height:32px;width:32px;background-position:-1749px 0px'   \/> <span class=\"head\">Tweet about it<\/span><\/a><\/li><li class=\"iconOnly\"><a  rel='nofollow'  target='_self'  title='Print this post : Harto de los no pensantes for reading later'  href='javascript:window.print();'  ><img  src='https:\/\/www.vitrubio03.es\/wp-content\/plugins\/share-and-follow\/images\/blank.gif'  height='32' width='32'  class='image-32' alt='print'  style='background: transparent url(https:\/\/www.vitrubio03.es\/wp-content\/plugins\/share-and-follow\/default\/32\/sprite-32.png) no-repeat;padding:0;margin:0;height:32px;width:32px;background-position:-1386px 0px'   \/> <span class=\"head\">Print for later<\/span><\/a><\/li><li class=\"iconOnly\"><a rel=\"_self\" href=\"mailto:?subject=Reflexiones%20propias%20:%20Harto%20de%20los%20no%20pensantes&amp;body=Te%20adjunto%20un%20enlace%20a%20un%20art\u00edculo.%20Espero%20que%20te%20guste%20%20https:\/\/www.vitrubio03.es\/?p=8633\" title=\"Tell a friend about this post : Harto de los no pensantes \"><img loading=\"lazy\" decoding=\"async\" src=\"https:\/\/www.vitrubio03.es\/wp-content\/plugins\/share-and-follow\/images\/blank.gif\" height=\"32\"  width=\"32\" style=\"background: transparent url(https:\/\/www.vitrubio03.es\/wp-content\/plugins\/share-and-follow\/default\/32\/sprite-32.png) no-repeat;padding:0;margin:0;height:32px;width:32px;background-position:-330px 0px\" class=\"image-32\"  alt=\"email\" \/> <span class=\"head\">Tell a friend<\/span><\/a><\/li><\/ul><div class=\"clean\"><\/div> <\/div>","protected":false},"excerpt":{"rendered":"<p>M\u00e1s que harto, estoy indignado con los parados, mileuristas, aut\u00f3nomos, trabajadores de todos los gremios y de los que se creen clase media por sus conversaciones de Bar, haci\u00e9ndose eco de las consignas del PP y sat\u00e9lites respecto a bajar &hellip; <a href=\"https:\/\/www.vitrubio03.es\/?p=8633\">Sigue leyendo <span class=\"meta-nav\">&rarr;<\/span><\/a><\/p>\n","protected":false},"author":2,"featured_media":0,"comment_status":"closed","ping_status":"closed","sticky":false,"template":"","format":"standard","meta":{"footnotes":""},"categories":[56,57],"tags":[],"class_list":["post-8633","post","type-post","status-publish","format-standard","hentry","category-corrupcion","category-las-derechas"],"_links":{"self":[{"href":"https:\/\/www.vitrubio03.es\/index.php?rest_route=\/wp\/v2\/posts\/8633","targetHints":{"allow":["GET"]}}],"collection":[{"href":"https:\/\/www.vitrubio03.es\/index.php?rest_route=\/wp\/v2\/posts"}],"about":[{"href":"https:\/\/www.vitrubio03.es\/index.php?rest_route=\/wp\/v2\/types\/post"}],"author":[{"embeddable":true,"href":"https:\/\/www.vitrubio03.es\/index.php?rest_route=\/wp\/v2\/users\/2"}],"replies":[{"embeddable":true,"href":"https:\/\/www.vitrubio03.es\/index.php?rest_route=%2Fwp%2Fv2%2Fcomments&post=8633"}],"version-history":[{"count":6,"href":"https:\/\/www.vitrubio03.es\/index.php?rest_route=\/wp\/v2\/posts\/8633\/revisions"}],"predecessor-version":[{"id":8651,"href":"https:\/\/www.vitrubio03.es\/index.php?rest_route=\/wp\/v2\/posts\/8633\/revisions\/8651"}],"wp:attachment":[{"href":"https:\/\/www.vitrubio03.es\/index.php?rest_route=%2Fwp%2Fv2%2Fmedia&parent=8633"}],"wp:term":[{"taxonomy":"category","embeddable":true,"href":"https:\/\/www.vitrubio03.es\/index.php?rest_route=%2Fwp%2Fv2%2Fcategories&post=8633"},{"taxonomy":"post_tag","embeddable":true,"href":"https:\/\/www.vitrubio03.es\/index.php?rest_route=%2Fwp%2Fv2%2Ftags&post=8633"}],"curies":[{"name":"wp","href":"https:\/\/api.w.org\/{rel}","templated":true}]}}